{"id":96,"date":"2020-12-06T16:02:40","date_gmt":"2020-12-06T15:02:40","guid":{"rendered":"https:\/\/pro-elec.net\/?p=96"},"modified":"2025-05-15T12:39:43","modified_gmt":"2025-05-15T10:39:43","slug":"p-r-o-elec-qui-sommes-nous-entreprise","status":"publish","type":"post","link":"https:\/\/pro-elec.net\/index.php\/p-r-o-elec-qui-sommes-nous-entreprise\/","title":{"rendered":"Qui sommes nous ?"},"content":{"rendered":"\n<p><span style=\"background-color:rgba(0, 0, 0, 0)\" class=\"has-inline-color has-black-color\"><strong><a href=\"https:\/\/pro-elec.net\/index.php\/contacts\/\">P.R.O. ELEC<\/a>&lsquo; <\/strong>est une entreprise d&rsquo;Electricit\u00e9 G\u00e9n\u00e9rale cr\u00e9e le 8 Octobre 2015 et implant\u00e9e dans l&rsquo;agglom\u00e9ration du B.A.B (Biarritz-Anglet-Bayonne), sur la c\u00f4te basque.<\/span><\/p>\n\n\n\n<p>Rouverte le 12\/01\/2024 en auto entreprise apr\u00e8s un long s\u00e9jour \u00e0 l&rsquo;\u00e9tranger.<\/p>\n\n\n\n<p><span style=\"background-color:rgba(0, 0, 0, 0)\" class=\"has-inline-color has-black-color\">Son sigle \u00ab\u00a0<strong>P.R.O. ELEC<\/strong>\u00a0\u00bb vient de <\/span><strong><span style=\"background-color:rgba(0, 0, 0, 0)\" class=\"has-inline-color has-vivid-red-color\">P<\/span><\/strong><span style=\"background-color:rgba(0, 0, 0, 0)\" class=\"has-inline-color has-black-color\">r\u00e9paration et <\/span><strong><span style=\"background-color:rgba(0, 0, 0, 0)\" class=\"has-inline-color has-vivid-red-color\">R<\/span><\/strong><span style=\"background-color:rgba(0, 0, 0, 0)\" class=\"has-inline-color has-black-color\">\u00e9alisation d&rsquo;<\/span><strong><span style=\"background-color:rgba(0, 0, 0, 0)\" class=\"has-inline-color has-vivid-red-color\">O<\/span><\/strong><span style=\"background-color:rgba(0, 0, 0, 0)\" class=\"has-inline-color has-black-color\">uvrages <\/span><strong><span style=\"background-color:rgba(0, 0, 0, 0)\" class=\"has-inline-color has-vivid-red-color\">Elec<\/span><\/strong><span style=\"background-color:rgba(0, 0, 0, 0)\" class=\"has-inline-color has-black-color\">triques (<em>intitul\u00e9 du <a href=\"https:\/\/lycee-cantau.fr\/\">C.A.P. <\/a>n\u00e9cessaire \u00e0 sa cr\u00e9ation<\/em>).<\/span><\/p>\n\n\n\n<p><strong>P.R.O. Elec<\/strong> est une entreprise sp\u00e9cialis\u00e9e dans les travaux d\u2019\u00e9lectricit\u00e9 bas\u00e9e \u00e0 Bayonne. Forte d\u2019une exp\u00e9rience reconnue dans le domaine, elle propose des solutions \u00e9lectriques adapt\u00e9es aux besoins des particuliers, des professionnels et des collectivit\u00e9s. Que ce soit pour l\u2019installation, la r\u00e9novation ou la maintenance \u00e9lectrique, <strong>P.R.O. Elec<\/strong> met un point d\u2019honneur \u00e0 garantir qualit\u00e9, s\u00e9curit\u00e9 et respect des normes en vigueur.<\/p>\n\n\n\n<p>L\u2019\u00e9quipe de <strong>P.R.O. Elec<\/strong> est compos\u00e9e de professionnels qualifi\u00e9s et passionn\u00e9s, capables d\u2019intervenir sur des projets vari\u00e9s : installation de r\u00e9seaux \u00e9lectriques, domotique, \u00e9clairage int\u00e9rieur et ext\u00e9rieur, mise en conformit\u00e9, d\u00e9pannage et bien plus encore. Gr\u00e2ce \u00e0 sa r\u00e9activit\u00e9 et \u00e0 son savoir-faire, l\u2019entreprise s\u2019est forg\u00e9e une solide r\u00e9putation dans la r\u00e9gion de Bayonne et ses environs.<\/p>\n\n\n\n<p>Engag\u00e9e dans une d\u00e9marche de satisfaction client, <strong>P.R.O. Elec<\/strong> accompagne ses clients de la conception \u00e0 la r\u00e9alisation, en proposant des conseils personnalis\u00e9s et des prestations sur mesure. Son objectif est d\u2019assurer un service fiable et durable, tout en respectant les d\u00e9lais et le budget.<\/p>\n\n\n\n<p>Pour tous vos besoins en \u00e9lectricit\u00e9 \u00e0 Bayonne, faites confiance \u00e0 <strong>P.R.O. Elec<\/strong>, votre partenaire local pour des installations performantes et s\u00e9curis\u00e9es.<\/p>\n\n\n<div class=\"wp-block-image\">\n<figure class=\"aligncenter size-full\"><img loading=\"lazy\" decoding=\"async\" width=\"354\" height=\"233\" src=\"https:\/\/pro-elec.net\/wp-content\/uploads\/2024\/01\/P.R.O.-ELEC-magnet.jpg\" alt=\"entreprise\" class=\"wp-image-272\" srcset=\"https:\/\/pro-elec.net\/wp-content\/uploads\/2024\/01\/P.R.O.-ELEC-magnet.jpg 354w, https:\/\/pro-elec.net\/wp-content\/uploads\/2024\/01\/P.R.O.-ELEC-magnet-300x197.jpg 300w\" sizes=\"auto, (max-width: 354px) 100vw, 354px\" \/><\/figure>\n<\/div>","protected":false},"excerpt":{"rendered":"<p>P.R.O ELEC&rsquo; est une jeune eirl d&rsquo;\u00e9lectricit\u00e9 G\u00e9n\u00e9rale cr\u00e9e le 8 Octobre 2015 et implant\u00e9e dans l&rsquo;agglom\u00e9ration du B.A.B (Biarritz-Anglet-Bayonne), sur la c\u00f4te basque.<\/p>\n","protected":false},"author":1,"featured_media":0,"comment_status":"closed","ping_status":"open","sticky":false,"template":"","format":"standard","meta":{"footnotes":""},"categories":[8],"tags":[],"class_list":["post-96","post","type-post","status-publish","format-standard","hentry","category-pro-elec"],"yoast_head":"<!-- This site is optimized with the Yoast SEO plugin v27.5 - https:\/\/yoast.com\/product\/yoast-seo-wordpress\/ -->\n<title>entreprise<\/title>\n<meta name=\"description\" content=\"P.R.O. ELEC&#039;- entreprise d&#039;Electricit\u00e9 G\u00e9n\u00e9rale - cr\u00e9e le - sigle - Service - tous types d&#039;installations \u00e9lectriques - neuf ou en r\u00e9novation\" \/>\n<meta name=\"robots\" content=\"index, follow, max-snippet:-1, max-image-preview:large, max-video-preview:-1\" \/>\n<link rel=\"canonical\" href=\"https:\/\/pro-elec.net\/index.php\/p-r-o-elec-qui-sommes-nous-entreprise\/\" \/>\n<meta property=\"og:locale\" content=\"fr_FR\" \/>\n<meta property=\"og:type\" content=\"article\" \/>\n<meta property=\"og:title\" content=\"entreprise\" \/>\n<meta property=\"og:description\" content=\"P.R.O. ELEC&#039;- entreprise d&#039;Electricit\u00e9 G\u00e9n\u00e9rale - cr\u00e9e le - sigle - Service - tous types d&#039;installations \u00e9lectriques - neuf ou en r\u00e9novation\" \/>\n<meta property=\"og:url\" content=\"https:\/\/pro-elec.net\/index.php\/p-r-o-elec-qui-sommes-nous-entreprise\/\" \/>\n<meta property=\"og:site_name\" content=\"P.R.O. ELEC&#039;\" \/>\n<meta property=\"article:publisher\" content=\"https:\/\/www.facebook.com\/PROELEC64\" \/>\n<meta property=\"article:author\" content=\"https:\/\/www.facebook.com\/PROELEC64\" \/>\n<meta property=\"article:published_time\" content=\"2020-12-06T15:02:40+00:00\" \/>\n<meta property=\"article:modified_time\" content=\"2025-05-15T10:39:43+00:00\" \/>\n<meta property=\"og:image\" content=\"https:\/\/pro-elec.net\/wp-content\/uploads\/2024\/01\/P.R.O.-ELEC-magnet.jpg\" \/>\n\t<meta property=\"og:image:width\" content=\"354\" \/>\n\t<meta property=\"og:image:height\" content=\"233\" \/>\n\t<meta property=\"og:image:type\" content=\"image\/jpeg\" \/>\n<meta name=\"author\" content=\"P.R.O. ELEC&#039;\" \/>\n<meta name=\"twitter:card\" content=\"summary_large_image\" \/>\n<meta name=\"twitter:label1\" content=\"\u00c9crit par\" \/>\n\t<meta name=\"twitter:data1\" content=\"P.R.O. ELEC&#039;\" \/>\n\t<meta name=\"twitter:label2\" content=\"Dur\u00e9e de lecture estim\u00e9e\" \/>\n\t<meta name=\"twitter:data2\" content=\"2 minutes\" \/>\n<script type=\"application\/ld+json\" class=\"yoast-schema-graph\">{\"@context\":\"https:\\\/\\\/schema.org\",\"@graph\":[{\"@type\":\"Article\",\"@id\":\"https:\\\/\\\/pro-elec.net\\\/index.php\\\/p-r-o-elec-qui-sommes-nous-entreprise\\\/#article\",\"isPartOf\":{\"@id\":\"https:\\\/\\\/pro-elec.net\\\/index.php\\\/p-r-o-elec-qui-sommes-nous-entreprise\\\/\"},\"author\":{\"name\":\"P.R.O. ELEC'\",\"@id\":\"https:\\\/\\\/pro-elec.net\\\/#\\\/schema\\\/person\\\/694cb5ce876756362892255ba648f5cd\"},\"headline\":\"Qui sommes nous ?\",\"datePublished\":\"2020-12-06T15:02:40+00:00\",\"dateModified\":\"2025-05-15T10:39:43+00:00\",\"mainEntityOfPage\":{\"@id\":\"https:\\\/\\\/pro-elec.net\\\/index.php\\\/p-r-o-elec-qui-sommes-nous-entreprise\\\/\"},\"wordCount\":303,\"publisher\":{\"@id\":\"https:\\\/\\\/pro-elec.net\\\/#\\\/schema\\\/person\\\/694cb5ce876756362892255ba648f5cd\"},\"image\":{\"@id\":\"https:\\\/\\\/pro-elec.net\\\/index.php\\\/p-r-o-elec-qui-sommes-nous-entreprise\\\/#primaryimage\"},\"thumbnailUrl\":\"https:\\\/\\\/pro-elec.net\\\/wp-content\\\/uploads\\\/2024\\\/01\\\/P.R.O.-ELEC-magnet.jpg\",\"articleSection\":[\"P.R.O. ELEC\"],\"inLanguage\":\"fr-FR\"},{\"@type\":\"WebPage\",\"@id\":\"https:\\\/\\\/pro-elec.net\\\/index.php\\\/p-r-o-elec-qui-sommes-nous-entreprise\\\/\",\"url\":\"https:\\\/\\\/pro-elec.net\\\/index.php\\\/p-r-o-elec-qui-sommes-nous-entreprise\\\/\",\"name\":\"entreprise\",\"isPartOf\":{\"@id\":\"https:\\\/\\\/pro-elec.net\\\/#website\"},\"primaryImageOfPage\":{\"@id\":\"https:\\\/\\\/pro-elec.net\\\/index.php\\\/p-r-o-elec-qui-sommes-nous-entreprise\\\/#primaryimage\"},\"image\":{\"@id\":\"https:\\\/\\\/pro-elec.net\\\/index.php\\\/p-r-o-elec-qui-sommes-nous-entreprise\\\/#primaryimage\"},\"thumbnailUrl\":\"https:\\\/\\\/pro-elec.net\\\/wp-content\\\/uploads\\\/2024\\\/01\\\/P.R.O.-ELEC-magnet.jpg\",\"datePublished\":\"2020-12-06T15:02:40+00:00\",\"dateModified\":\"2025-05-15T10:39:43+00:00\",\"description\":\"P.R.O. ELEC'- entreprise d'Electricit\u00e9 G\u00e9n\u00e9rale - cr\u00e9e le - sigle - Service - tous types d'installations \u00e9lectriques - neuf ou en r\u00e9novation\",\"breadcrumb\":{\"@id\":\"https:\\\/\\\/pro-elec.net\\\/index.php\\\/p-r-o-elec-qui-sommes-nous-entreprise\\\/#breadcrumb\"},\"inLanguage\":\"fr-FR\",\"potentialAction\":[{\"@type\":\"ReadAction\",\"target\":[\"https:\\\/\\\/pro-elec.net\\\/index.php\\\/p-r-o-elec-qui-sommes-nous-entreprise\\\/\"]}]},{\"@type\":\"ImageObject\",\"inLanguage\":\"fr-FR\",\"@id\":\"https:\\\/\\\/pro-elec.net\\\/index.php\\\/p-r-o-elec-qui-sommes-nous-entreprise\\\/#primaryimage\",\"url\":\"https:\\\/\\\/pro-elec.net\\\/wp-content\\\/uploads\\\/2024\\\/01\\\/P.R.O.-ELEC-magnet.jpg\",\"contentUrl\":\"https:\\\/\\\/pro-elec.net\\\/wp-content\\\/uploads\\\/2024\\\/01\\\/P.R.O.-ELEC-magnet.jpg\",\"width\":354,\"height\":233},{\"@type\":\"BreadcrumbList\",\"@id\":\"https:\\\/\\\/pro-elec.net\\\/index.php\\\/p-r-o-elec-qui-sommes-nous-entreprise\\\/#breadcrumb\",\"itemListElement\":[{\"@type\":\"ListItem\",\"position\":1,\"name\":\"Accueil\",\"item\":\"https:\\\/\\\/pro-elec.net\\\/\"},{\"@type\":\"ListItem\",\"position\":2,\"name\":\"Qui sommes nous ?\"}]},{\"@type\":\"WebSite\",\"@id\":\"https:\\\/\\\/pro-elec.net\\\/#website\",\"url\":\"https:\\\/\\\/pro-elec.net\\\/\",\"name\":\"P.R.O. ELEC\",\"description\":\"Artisan - Electricit\u00e9 G\u00e9n\u00e9rale\",\"publisher\":{\"@id\":\"https:\\\/\\\/pro-elec.net\\\/#\\\/schema\\\/person\\\/694cb5ce876756362892255ba648f5cd\"},\"potentialAction\":[{\"@type\":\"SearchAction\",\"target\":{\"@type\":\"EntryPoint\",\"urlTemplate\":\"https:\\\/\\\/pro-elec.net\\\/?s={search_term_string}\"},\"query-input\":{\"@type\":\"PropertyValueSpecification\",\"valueRequired\":true,\"valueName\":\"search_term_string\"}}],\"inLanguage\":\"fr-FR\"},{\"@type\":[\"Person\",\"Organization\"],\"@id\":\"https:\\\/\\\/pro-elec.net\\\/#\\\/schema\\\/person\\\/694cb5ce876756362892255ba648f5cd\",\"name\":\"P.R.O. ELEC'\",\"image\":{\"@type\":\"ImageObject\",\"inLanguage\":\"fr-FR\",\"@id\":\"https:\\\/\\\/secure.gravatar.com\\\/avatar\\\/30863a45f8dd01bab212ecda50d6c3ed017823d5a24d42b398575975b864f6a7?s=96&d=blank&r=g\",\"url\":\"https:\\\/\\\/secure.gravatar.com\\\/avatar\\\/30863a45f8dd01bab212ecda50d6c3ed017823d5a24d42b398575975b864f6a7?s=96&d=blank&r=g\",\"contentUrl\":\"https:\\\/\\\/secure.gravatar.com\\\/avatar\\\/30863a45f8dd01bab212ecda50d6c3ed017823d5a24d42b398575975b864f6a7?s=96&d=blank&r=g\",\"caption\":\"P.R.O. ELEC'\"},\"logo\":{\"@id\":\"https:\\\/\\\/secure.gravatar.com\\\/avatar\\\/30863a45f8dd01bab212ecda50d6c3ed017823d5a24d42b398575975b864f6a7?s=96&d=blank&r=g\"},\"sameAs\":[\"http:\\\/\\\/www.pro-elec.net\",\"https:\\\/\\\/www.facebook.com\\\/PROELEC64\"],\"url\":\"https:\\\/\\\/pro-elec.net\\\/index.php\\\/author\\\/admin7691\\\/\"}]}<\/script>\n<!-- \/ Yoast SEO plugin. -->","yoast_head_json":{"title":"entreprise","description":"P.R.O. ELEC'- entreprise d'Electricit\u00e9 G\u00e9n\u00e9rale - cr\u00e9e le - sigle - Service - tous types d'installations \u00e9lectriques - neuf ou en r\u00e9novation","robots":{"index":"index","follow":"follow","max-snippet":"max-snippet:-1","max-image-preview":"max-image-preview:large","max-video-preview":"max-video-preview:-1"},"canonical":"https:\/\/pro-elec.net\/index.php\/p-r-o-elec-qui-sommes-nous-entreprise\/","og_locale":"fr_FR","og_type":"article","og_title":"entreprise","og_description":"P.R.O. ELEC'- entreprise d'Electricit\u00e9 G\u00e9n\u00e9rale - cr\u00e9e le - sigle - Service - tous types d'installations \u00e9lectriques - neuf ou en r\u00e9novation","og_url":"https:\/\/pro-elec.net\/index.php\/p-r-o-elec-qui-sommes-nous-entreprise\/","og_site_name":"P.R.O. ELEC&#039;","article_publisher":"https:\/\/www.facebook.com\/PROELEC64","article_author":"https:\/\/www.facebook.com\/PROELEC64","article_published_time":"2020-12-06T15:02:40+00:00","article_modified_time":"2025-05-15T10:39:43+00:00","og_image":[{"width":354,"height":233,"url":"https:\/\/pro-elec.net\/wp-content\/uploads\/2024\/01\/P.R.O.-ELEC-magnet.jpg","type":"image\/jpeg"}],"author":"P.R.O. ELEC'","twitter_card":"summary_large_image","twitter_misc":{"\u00c9crit par":"P.R.O. ELEC'","Dur\u00e9e de lecture estim\u00e9e":"2 minutes"},"schema":{"@context":"https:\/\/schema.org","@graph":[{"@type":"Article","@id":"https:\/\/pro-elec.net\/index.php\/p-r-o-elec-qui-sommes-nous-entreprise\/#article","isPartOf":{"@id":"https:\/\/pro-elec.net\/index.php\/p-r-o-elec-qui-sommes-nous-entreprise\/"},"author":{"name":"P.R.O. ELEC'","@id":"https:\/\/pro-elec.net\/#\/schema\/person\/694cb5ce876756362892255ba648f5cd"},"headline":"Qui sommes nous ?","datePublished":"2020-12-06T15:02:40+00:00","dateModified":"2025-05-15T10:39:43+00:00","mainEntityOfPage":{"@id":"https:\/\/pro-elec.net\/index.php\/p-r-o-elec-qui-sommes-nous-entreprise\/"},"wordCount":303,"publisher":{"@id":"https:\/\/pro-elec.net\/#\/schema\/person\/694cb5ce876756362892255ba648f5cd"},"image":{"@id":"https:\/\/pro-elec.net\/index.php\/p-r-o-elec-qui-sommes-nous-entreprise\/#primaryimage"},"thumbnailUrl":"https:\/\/pro-elec.net\/wp-content\/uploads\/2024\/01\/P.R.O.-ELEC-magnet.jpg","articleSection":["P.R.O. ELEC"],"inLanguage":"fr-FR"},{"@type":"WebPage","@id":"https:\/\/pro-elec.net\/index.php\/p-r-o-elec-qui-sommes-nous-entreprise\/","url":"https:\/\/pro-elec.net\/index.php\/p-r-o-elec-qui-sommes-nous-entreprise\/","name":"entreprise","isPartOf":{"@id":"https:\/\/pro-elec.net\/#website"},"primaryImageOfPage":{"@id":"https:\/\/pro-elec.net\/index.php\/p-r-o-elec-qui-sommes-nous-entreprise\/#primaryimage"},"image":{"@id":"https:\/\/pro-elec.net\/index.php\/p-r-o-elec-qui-sommes-nous-entreprise\/#primaryimage"},"thumbnailUrl":"https:\/\/pro-elec.net\/wp-content\/uploads\/2024\/01\/P.R.O.-ELEC-magnet.jpg","datePublished":"2020-12-06T15:02:40+00:00","dateModified":"2025-05-15T10:39:43+00:00","description":"P.R.O. ELEC'- entreprise d'Electricit\u00e9 G\u00e9n\u00e9rale - cr\u00e9e le - sigle - Service - tous types d'installations \u00e9lectriques - neuf ou en r\u00e9novation","breadcrumb":{"@id":"https:\/\/pro-elec.net\/index.php\/p-r-o-elec-qui-sommes-nous-entreprise\/#breadcrumb"},"inLanguage":"fr-FR","potentialAction":[{"@type":"ReadAction","target":["https:\/\/pro-elec.net\/index.php\/p-r-o-elec-qui-sommes-nous-entreprise\/"]}]},{"@type":"ImageObject","inLanguage":"fr-FR","@id":"https:\/\/pro-elec.net\/index.php\/p-r-o-elec-qui-sommes-nous-entreprise\/#primaryimage","url":"https:\/\/pro-elec.net\/wp-content\/uploads\/2024\/01\/P.R.O.-ELEC-magnet.jpg","contentUrl":"https:\/\/pro-elec.net\/wp-content\/uploads\/2024\/01\/P.R.O.-ELEC-magnet.jpg","width":354,"height":233},{"@type":"BreadcrumbList","@id":"https:\/\/pro-elec.net\/index.php\/p-r-o-elec-qui-sommes-nous-entreprise\/#breadcrumb","itemListElement":[{"@type":"ListItem","position":1,"name":"Accueil","item":"https:\/\/pro-elec.net\/"},{"@type":"ListItem","position":2,"name":"Qui sommes nous ?"}]},{"@type":"WebSite","@id":"https:\/\/pro-elec.net\/#website","url":"https:\/\/pro-elec.net\/","name":"P.R.O. ELEC","description":"Artisan - Electricit\u00e9 G\u00e9n\u00e9rale","publisher":{"@id":"https:\/\/pro-elec.net\/#\/schema\/person\/694cb5ce876756362892255ba648f5cd"},"potentialAction":[{"@type":"SearchAction","target":{"@type":"EntryPoint","urlTemplate":"https:\/\/pro-elec.net\/?s={search_term_string}"},"query-input":{"@type":"PropertyValueSpecification","valueRequired":true,"valueName":"search_term_string"}}],"inLanguage":"fr-FR"},{"@type":["Person","Organization"],"@id":"https:\/\/pro-elec.net\/#\/schema\/person\/694cb5ce876756362892255ba648f5cd","name":"P.R.O. ELEC'","image":{"@type":"ImageObject","inLanguage":"fr-FR","@id":"https:\/\/secure.gravatar.com\/avatar\/30863a45f8dd01bab212ecda50d6c3ed017823d5a24d42b398575975b864f6a7?s=96&d=blank&r=g","url":"https:\/\/secure.gravatar.com\/avatar\/30863a45f8dd01bab212ecda50d6c3ed017823d5a24d42b398575975b864f6a7?s=96&d=blank&r=g","contentUrl":"https:\/\/secure.gravatar.com\/avatar\/30863a45f8dd01bab212ecda50d6c3ed017823d5a24d42b398575975b864f6a7?s=96&d=blank&r=g","caption":"P.R.O. ELEC'"},"logo":{"@id":"https:\/\/secure.gravatar.com\/avatar\/30863a45f8dd01bab212ecda50d6c3ed017823d5a24d42b398575975b864f6a7?s=96&d=blank&r=g"},"sameAs":["http:\/\/www.pro-elec.net","https:\/\/www.facebook.com\/PROELEC64"],"url":"https:\/\/pro-elec.net\/index.php\/author\/admin7691\/"}]}},"_links":{"self":[{"href":"https:\/\/pro-elec.net\/index.php\/wp-json\/wp\/v2\/posts\/96","targetHints":{"allow":["GET"]}}],"collection":[{"href":"https:\/\/pro-elec.net\/index.php\/wp-json\/wp\/v2\/posts"}],"about":[{"href":"https:\/\/pro-elec.net\/index.php\/wp-json\/wp\/v2\/types\/post"}],"author":[{"embeddable":true,"href":"https:\/\/pro-elec.net\/index.php\/wp-json\/wp\/v2\/users\/1"}],"replies":[{"embeddable":true,"href":"https:\/\/pro-elec.net\/index.php\/wp-json\/wp\/v2\/comments?post=96"}],"version-history":[{"count":12,"href":"https:\/\/pro-elec.net\/index.php\/wp-json\/wp\/v2\/posts\/96\/revisions"}],"predecessor-version":[{"id":338,"href":"https:\/\/pro-elec.net\/index.php\/wp-json\/wp\/v2\/posts\/96\/revisions\/338"}],"wp:attachment":[{"href":"https:\/\/pro-elec.net\/index.php\/wp-json\/wp\/v2\/media?parent=96"}],"wp:term":[{"taxonomy":"category","embeddable":true,"href":"https:\/\/pro-elec.net\/index.php\/wp-json\/wp\/v2\/categories?post=96"},{"taxonomy":"post_tag","embeddable":true,"href":"https:\/\/pro-elec.net\/index.php\/wp-json\/wp\/v2\/tags?post=96"}],"curies":[{"name":"wp","href":"https:\/\/api.w.org\/{rel}","templated":true}]}}